{"id":1083,"date":"2024-05-18T07:20:05","date_gmt":"2024-05-18T07:20:05","guid":{"rendered":"https:\/\/wp-qsafety.azurewebsites.net\/?p=1083"},"modified":"2025-02-24T11:41:28","modified_gmt":"2025-02-24T10:41:28","slug":"dia-mundial-de-la-seguridad-y-salud-en-el-trabajo","status":"publish","type":"post","link":"https:\/\/qsafety.quironprevencion.com\/en\/blog\/dia-mundial-de-la-seguridad-y-salud-en-el-trabajo\/","title":{"rendered":"D\u00eda Mundial de la Seguridad y Salud en el Trabajo"},"content":{"rendered":"<div data-elementor-type=\"wp-post\" data-elementor-id=\"1083\" class=\"elementor elementor-1083\" data-elementor-post-type=\"post\">\n\t\t\t\t<div class=\"elementor-element elementor-element-34c5c5f e-flex e-con-boxed e-con e-parent\" data-id=\"34c5c5f\" data-element_type=\"container\" data-e-type=\"container\" data-settings=\"{&quot;jet_parallax_layout_list&quot;:[]}\">\n\t\t\t\t\t<div class=\"e-con-inner\">\n\t\t\t\t<div class=\"elementor-element elementor-element-22fa987 elementor-widget elementor-widget-heading\" data-id=\"22fa987\" data-element_type=\"widget\" data-e-type=\"widget\" data-widget_type=\"heading.default\">\n\t\t\t\t<div class=\"elementor-widget-container\">\n\t\t\t\t\t<h2 class=\"elementor-heading-title elementor-size-default\">Abordar el Impacto del Cambio Clim\u00e1tico en los Entornos Laborales<\/h2>\t\t\t\t<\/div>\n\t\t\t\t<\/div>\n\t\t\t\t\t<\/div>\n\t\t\t\t<\/div>\n\t\t<div class=\"elementor-element elementor-element-0ed68fa e-flex e-con-boxed e-con e-parent\" data-id=\"0ed68fa\" data-element_type=\"container\" data-e-type=\"container\" data-settings=\"{&quot;jet_parallax_layout_list&quot;:[]}\">\n\t\t\t\t\t<div class=\"e-con-inner\">\n\t\t\t\t<div class=\"elementor-element elementor-element-45b097a elementor-widget elementor-widget-text-editor\" data-id=\"45b097a\" data-element_type=\"widget\" data-e-type=\"widget\" data-widget_type=\"text-editor.default\">\n\t\t\t\t<div class=\"elementor-widget-container\">\n\t\t\t\t\t\t\t\t\t<p><span style=\"color: #000000;\">La Organizaci\u00f3n Internacional del Trabajo (OIT) se\u00f1ala el 28 de abril como el D\u00eda Mundial de la Seguridad y Salud en el Trabajo. En 2024, este d\u00eda cobra una importancia a\u00fan mayor al centrarse en un tema crucial y de rabiosa actualidad: las repercusiones del cambio clim\u00e1tico en la seguridad y la salud en el trabajo. En un mundo donde el cambio clim\u00e1tico est\u00e1 alterando los patrones clim\u00e1ticos y aumentando la frecuencia e intensidad de eventos meteorol\u00f3gicos extremos y adversos, necesitamos entender c\u00f3mo afecta el cambio clim\u00e1tico a los entornos laborales y qu\u00e9 medidas podemos implantar para proteger a los trabajadores.<\/span><\/p>\t\t\t\t\t\t\t\t<\/div>\n\t\t\t\t<\/div>\n\t\t\t\t\t<\/div>\n\t\t\t\t<\/div>\n\t\t<div class=\"elementor-element elementor-element-523492f e-flex e-con-boxed e-con e-parent\" data-id=\"523492f\" data-element_type=\"container\" data-e-type=\"container\" data-settings=\"{&quot;jet_parallax_layout_list&quot;:[]}\">\n\t\t\t\t\t<div class=\"e-con-inner\">\n\t\t\t\t<div class=\"elementor-element elementor-element-3e3c4ff elementor-widget elementor-widget-heading\" data-id=\"3e3c4ff\" data-element_type=\"widget\" data-e-type=\"widget\" data-widget_type=\"heading.default\">\n\t\t\t\t<div class=\"elementor-widget-container\">\n\t\t\t\t\t<h2 class=\"elementor-heading-title elementor-size-default\">Cambio Clim\u00e1tico vs Seguridad y Salud en el Trabajo<\/h2>\t\t\t\t<\/div>\n\t\t\t\t<\/div>\n\t\t\t\t\t<\/div>\n\t\t\t\t<\/div>\n\t\t<div class=\"elementor-element elementor-element-b8da24c e-flex e-con-boxed e-con e-parent\" data-id=\"b8da24c\" data-element_type=\"container\" data-e-type=\"container\" data-settings=\"{&quot;jet_parallax_layout_list&quot;:[]}\">\n\t\t\t\t\t<div class=\"e-con-inner\">\n\t\t\t\t<div class=\"elementor-element elementor-element-c193dc6 elementor-widget elementor-widget-text-editor\" data-id=\"c193dc6\" data-element_type=\"widget\" data-e-type=\"widget\" data-widget_type=\"text-editor.default\">\n\t\t\t\t<div class=\"elementor-widget-container\">\n\t\t\t\t\t\t\t\t\t<p><span style=\"color: #000000;\">El lema de este a\u00f1o, \u201cCambio Clim\u00e1tico y Seguridad y Salud en el Trabajo\u201d, busca generar conciencia sobre los riesgos espec\u00edficos que el cambio clim\u00e1tico presenta para la seguridad y salud de los trabajadores en diversos sectores y regiones del mundo. Desde olas de calor abrasadoras hasta inundaciones devastadoras y huracanes destructivos, los fen\u00f3menos clim\u00e1ticos extremos pueden poner en peligro la vida, el bienestar de los trabajadores y, adem\u00e1s, afectar a la viabilidad de las empresas.<\/span><\/p>\t\t\t\t\t\t\t\t<\/div>\n\t\t\t\t<\/div>\n\t\t\t\t\t<\/div>\n\t\t\t\t<\/div>\n\t\t<div class=\"elementor-element elementor-element-4460f96 e-flex e-con-boxed e-con e-parent\" data-id=\"4460f96\" data-element_type=\"container\" data-e-type=\"container\" data-settings=\"{&quot;jet_parallax_layout_list&quot;:[]}\">\n\t\t\t\t\t<div class=\"e-con-inner\">\n\t\t\t\t<div class=\"elementor-element elementor-element-95b4eca elementor-widget elementor-widget-image\" data-id=\"95b4eca\" data-element_type=\"widget\" data-e-type=\"widget\" data-widget_type=\"image.default\">\n\t\t\t\t<div class=\"elementor-widget-container\">\n\t\t\t\t\t\t\t\t\t\t\t\t\t\t\t<img fetchpriority=\"high\" decoding=\"async\" width=\"800\" height=\"534\" src=\"\/wp-content\/uploads\/2024\/05\/Nubes_construccion-scaled-1-1024x683.jpg\" class=\"attachment-large size-large wp-image-1084\" alt=\"Obra con climatolog\u00eda adversa\" srcset=\"\/wp-content\/uploads\/2024\/05\/Nubes_construccion-scaled-1-1024x683.jpg 1024w, \/wp-content\/uploads\/2024\/05\/Nubes_construccion-scaled-1-300x200.jpg 300w, \/wp-content\/uploads\/2024\/05\/Nubes_construccion-scaled-1-768x512.jpg 768w, \/wp-content\/uploads\/2024\/05\/Nubes_construccion-scaled-1-1536x1024.jpg 1536w, \/wp-content\/uploads\/2024\/05\/Nubes_construccion-scaled-1-scaled.jpg 2048w\" sizes=\"(max-width: 800px) 100vw, 800px\" title=\"\">\t\t\t\t\t\t\t\t\t\t\t\t\t\t\t<\/div>\n\t\t\t\t<\/div>\n\t\t\t\t\t<\/div>\n\t\t\t\t<\/div>\n\t\t<div class=\"elementor-element elementor-element-e0ee475 e-flex e-con-boxed e-con e-parent\" data-id=\"e0ee475\" data-element_type=\"container\" data-e-type=\"container\" data-settings=\"{&quot;jet_parallax_layout_list&quot;:[]}\">\n\t\t\t\t\t<div class=\"e-con-inner\">\n\t\t\t\t<div class=\"elementor-element elementor-element-926b3a4 elementor-widget elementor-widget-heading\" data-id=\"926b3a4\" data-element_type=\"widget\" data-e-type=\"widget\" data-widget_type=\"heading.default\">\n\t\t\t\t<div class=\"elementor-widget-container\">\n\t\t\t\t\t<h2 class=\"elementor-heading-title elementor-size-default\">Tormentas, inundaciones y sequ\u00edas<\/h2>\t\t\t\t<\/div>\n\t\t\t\t<\/div>\n\t\t\t\t\t<\/div>\n\t\t\t\t<\/div>\n\t\t<div class=\"elementor-element elementor-element-ac18b88 e-flex e-con-boxed e-con e-parent\" data-id=\"ac18b88\" data-element_type=\"container\" data-e-type=\"container\" data-settings=\"{&quot;jet_parallax_layout_list&quot;:[]}\">\n\t\t\t\t\t<div class=\"e-con-inner\">\n\t\t\t\t<div class=\"elementor-element elementor-element-f555d05 elementor-widget elementor-widget-text-editor\" data-id=\"f555d05\" data-element_type=\"widget\" data-e-type=\"widget\" data-widget_type=\"text-editor.default\">\n\t\t\t\t<div class=\"elementor-widget-container\">\n\t\t\t\t\t\t\t\t\t<p><span style=\"color: #000000;\">Adem\u00e1s de las altas temperaturas, el cambio clim\u00e1tico tambi\u00e9n est\u00e1 contribuyendo a un aumento en la frecuencia e intensidad de fen\u00f3menos meteorol\u00f3gicos extremos, como tormentas, inundaciones y sequ\u00edas. Estos eventos pueden interrumpir las operaciones comerciales, da\u00f1ar la infraestructura y poner en peligro la seguridad de los trabajadores. Es fundamental que las empresas incluyan en sus planes de emergencia las medidas para hacer frente a estas situaciones y garantizar la seguridad de su personal.<\/span><\/p><p><span style=\"color: #000000;\">La OIT, con la conmemoraci\u00f3n del D\u00eda Mundial de la Seguridad y Salud en el Trabajo 2024, nos brinda la oportunidad de reflexionar sobre los desaf\u00edos que el cambio clim\u00e1tico plantea para los entornos laborales y la importancia de tomar medidas para proteger a los trabajadores. Promover la adaptaci\u00f3n y la resiliencia en el lugar de trabajo, as\u00ed como reducir las emisiones de gases de efecto invernadero y mitigar los impactos del cambio clim\u00e1tico, son algunos de los pasos que debemos dar en el camino de garantizar la seguridad y salud de los trabajadores en relaci\u00f3n al cambio clim\u00e1tico.<\/span><\/p>\t\t\t\t\t\t\t\t<\/div>\n\t\t\t\t<\/div>\n\t\t\t\t\t<\/div>\n\t\t\t\t<\/div>\n\t\t<div class=\"elementor-element elementor-element-d7f0127 e-flex e-con-boxed e-con e-parent\" data-id=\"d7f0127\" data-element_type=\"container\" data-e-type=\"container\" data-settings=\"{&quot;jet_parallax_layout_list&quot;:[]}\">\n\t\t\t\t\t<div class=\"e-con-inner\">\n\t\t\t\t<div class=\"elementor-element elementor-element-f93f51e elementor-widget elementor-widget-heading\" data-id=\"f93f51e\" data-element_type=\"widget\" data-e-type=\"widget\" data-widget_type=\"heading.default\">\n\t\t\t\t<div class=\"elementor-widget-container\">\n\t\t\t\t\t<h2 class=\"elementor-heading-title elementor-size-default\">Cambios en Normativa<\/h2>\t\t\t\t<\/div>\n\t\t\t\t<\/div>\n\t\t\t\t\t<\/div>\n\t\t\t\t<\/div>\n\t\t<div class=\"elementor-element elementor-element-558490c e-flex e-con-boxed e-con e-parent\" data-id=\"558490c\" data-element_type=\"container\" data-e-type=\"container\" data-settings=\"{&quot;jet_parallax_layout_list&quot;:[]}\">\n\t\t\t\t\t<div class=\"e-con-inner\">\n\t\t\t\t<div class=\"elementor-element elementor-element-f81dcfa elementor-widget elementor-widget-text-editor\" data-id=\"f81dcfa\" data-element_type=\"widget\" data-e-type=\"widget\" data-widget_type=\"text-editor.default\">\n\t\t\t\t<div class=\"elementor-widget-container\">\n\t\t\t\t\t\t\t\t\t<p><span style=\"color: #000000;\">Empezamos a ver c\u00f3mo los legisladores se van adaptando e introduciendo cambios en nuestra normativa, como por ejemplo la publicaci\u00f3n del RD 4\/2023. Afectando a centros de trabajo y con los convenios de construcci\u00f3n, adaptando horarios a las temperaturas exteriores.<\/span><\/p><p><span style=\"color: #000000;\">\u00a0\u00bfVeremos m\u00e1s cambios a futuro?<\/span><\/p>\t\t\t\t\t\t\t\t<\/div>\n\t\t\t\t<\/div>\n\t\t\t\t\t<\/div>\n\t\t\t\t<\/div>\n\t\t\t\t<\/div>","protected":false},"excerpt":{"rendered":"<p>El 28 de Abril se conmemora el D\u00eda Mundial de la Seguridad y Salud en el Trabajo. Este a\u00f1o 2024, trata sobre las repercusiones del cambio clim\u00e1tico en la Seguridad y Salud en el Trabajo.<\/p>","protected":false},"author":4,"featured_media":1085,"comment_status":"open","ping_status":"open","sticky":false,"template":"","format":"standard","meta":{"_monsterinsights_skip_tracking":false,"_monsterinsights_sitenote_active":false,"_monsterinsights_sitenote_note":"","_monsterinsights_sitenote_category":0,"footnotes":""},"categories":[1],"tags":[],"class_list":["post-1083","post","type-post","status-publish","format-standard","has-post-thumbnail","hentry","category-sin-categoria"],"_links":{"self":[{"href":"https:\/\/qsafety.quironprevencion.com\/en\/wp-json\/wp\/v2\/posts\/1083","targetHints":{"allow":["GET"]}}],"collection":[{"href":"https:\/\/qsafety.quironprevencion.com\/en\/wp-json\/wp\/v2\/posts"}],"about":[{"href":"https:\/\/qsafety.quironprevencion.com\/en\/wp-json\/wp\/v2\/types\/post"}],"author":[{"embeddable":true,"href":"https:\/\/qsafety.quironprevencion.com\/en\/wp-json\/wp\/v2\/users\/4"}],"replies":[{"embeddable":true,"href":"https:\/\/qsafety.quironprevencion.com\/en\/wp-json\/wp\/v2\/comments?post=1083"}],"version-history":[{"count":8,"href":"https:\/\/qsafety.quironprevencion.com\/en\/wp-json\/wp\/v2\/posts\/1083\/revisions"}],"predecessor-version":[{"id":3155,"href":"https:\/\/qsafety.quironprevencion.com\/en\/wp-json\/wp\/v2\/posts\/1083\/revisions\/3155"}],"wp:featuredmedia":[{"embeddable":true,"href":"https:\/\/qsafety.quironprevencion.com\/en\/wp-json\/wp\/v2\/media\/1085"}],"wp:attachment":[{"href":"https:\/\/qsafety.quironprevencion.com\/en\/wp-json\/wp\/v2\/media?parent=1083"}],"wp:term":[{"taxonomy":"category","embeddable":true,"href":"https:\/\/qsafety.quironprevencion.com\/en\/wp-json\/wp\/v2\/categories?post=1083"},{"taxonomy":"post_tag","embeddable":true,"href":"https:\/\/qsafety.quironprevencion.com\/en\/wp-json\/wp\/v2\/tags?post=1083"}],"curies":[{"name":"wp","href":"https:\/\/api.w.org\/{rel}","templated":true}]}}