{"id":1315,"date":"2024-05-18T09:44:56","date_gmt":"2024-05-18T09:44:56","guid":{"rendered":"https:\/\/wp-qsafety.azurewebsites.net\/?post_type=noticias&#038;p=1315"},"modified":"2025-05-28T09:13:25","modified_gmt":"2025-05-28T07:13:25","slug":"premios-a-la-excelencia-en-seguridad-y-salud-de-culmia","status":"publish","type":"noticias","link":"https:\/\/qsafety.quironprevencion.com\/en\/noticias\/premios-a-la-excelencia-en-seguridad-y-salud-de-culmia\/","title":{"rendered":"Culmia Health and Safety Excellence Awards"},"content":{"rendered":"<div data-elementor-type=\"wp-post\" data-elementor-id=\"1315\" class=\"elementor elementor-1315\" data-elementor-post-type=\"noticias\">\n\t\t\t\t<div class=\"elementor-element elementor-element-e3f366e e-flex e-con-boxed e-con e-parent\" data-id=\"e3f366e\" data-element_type=\"container\" data-e-type=\"container\" data-settings=\"{&quot;jet_parallax_layout_list&quot;:[]}\">\n\t\t\t\t\t<div class=\"e-con-inner\">\n\t\t\t\t<div class=\"elementor-element elementor-element-913a4c6 elementor-widget elementor-widget-text-editor\" data-id=\"913a4c6\" data-element_type=\"widget\" data-e-type=\"widget\" data-widget_type=\"text-editor.default\">\n\t\t\t\t<div class=\"elementor-widget-container\">\n\t\t\t\t\t\t\t\t\t<p><span style=\"color: #4b4f54;\"><strong>16\/04\/2024<\/strong><\/span><\/p><p><span style=\"color: #4b4f54;\"><a style=\"color: #4b4f54;\" href=\"https:\/\/www.culmia.com\/\" target=\"_blank\" rel=\"noopener\"><strong>Culmia<\/strong><\/a>\u00a0ha celebrado la III Edici\u00f3n de los Premios a la Excelencia en Seguridad y Salud. El evento tuvo lugar en el Colegio Oficial de Arquitectos de Madrid.\u00a0<\/span><\/p><p><span style=\"color: #4b4f54;\">La jornada cont\u00f3 con la apertura institucional de\u00a0<strong>Martha Pulido<\/strong>,\u00a0Secretaria General del Instituto Regional de Seguridad y Salud en el Trabajo de la CAM, que puso en valor las labores que realiza el Instituto en materia de investigaci\u00f3n y asesoramiento t\u00e9cnico a empresas y sociedad madrile\u00f1a.\u00a0 Tambi\u00e9n recalc\u00f3 la aprobaci\u00f3n de subvenciones para fomentar la Prevenci\u00f3n de Riesgos Laborales en la empresas madrile\u00f1as.<\/span><\/p>\t\t\t\t\t\t\t\t<\/div>\n\t\t\t\t<\/div>\n\t\t\t\t\t<\/div>\n\t\t\t\t<\/div>\n\t\t<div class=\"elementor-element elementor-element-51fe7d7 e-flex e-con-boxed e-con e-parent\" data-id=\"51fe7d7\" data-element_type=\"container\" data-e-type=\"container\" data-settings=\"{&quot;jet_parallax_layout_list&quot;:[]}\">\n\t\t\t\t\t<div class=\"e-con-inner\">\n\t\t\t\t<div class=\"elementor-element elementor-element-cc7f12e elementor-widget elementor-widget-image\" data-id=\"cc7f12e\" data-element_type=\"widget\" data-e-type=\"widget\" data-widget_type=\"image.default\">\n\t\t\t\t<div class=\"elementor-widget-container\">\n\t\t\t\t\t\t\t\t\t\t\t\t<figure class=\"wp-caption\">\n\t\t\t\t\t\t\t\t\t\t<img fetchpriority=\"high\" decoding=\"async\" width=\"800\" height=\"600\" src=\"\/wp-content\/uploads\/2024\/05\/Martha_Pulido-1024x768.jpg\" class=\"attachment-large size-large wp-image-1323\" alt=\"\" srcset=\"\/wp-content\/uploads\/2024\/05\/Martha_Pulido-1024x768.jpg 1024w, \/wp-content\/uploads\/2024\/05\/Martha_Pulido-300x225.jpg 300w, \/wp-content\/uploads\/2024\/05\/Martha_Pulido-768x576.jpg 768w, \/wp-content\/uploads\/2024\/05\/Martha_Pulido-1536x1152.jpg 1536w, \/wp-content\/uploads\/2024\/05\/Martha_Pulido.jpg 2000w\" sizes=\"(max-width: 800px) 100vw, 800px\" title=\"\">\t\t\t\t\t\t\t\t\t\t\t<figcaption class=\"widget-image-caption wp-caption-text\">Martha Pulido, Secretaria General del Instituto Regional de Seguridad y Salud de la CAM<\/figcaption>\n\t\t\t\t\t\t\t\t\t\t<\/figure>\n\t\t\t\t\t\t\t\t\t<\/div>\n\t\t\t\t<\/div>\n\t\t\t\t\t<\/div>\n\t\t\t\t<\/div>\n\t\t<div class=\"elementor-element elementor-element-fa85858 e-flex e-con-boxed e-con e-parent\" data-id=\"fa85858\" data-element_type=\"container\" data-e-type=\"container\" data-settings=\"{&quot;jet_parallax_layout_list&quot;:[]}\">\n\t\t\t\t\t<div class=\"e-con-inner\">\n\t\t\t\t<div class=\"elementor-element elementor-element-fbced41 elementor-widget elementor-widget-text-editor\" data-id=\"fbced41\" data-element_type=\"widget\" data-e-type=\"widget\" data-widget_type=\"text-editor.default\">\n\t\t\t\t<div class=\"elementor-widget-container\">\n\t\t\t\t\t\t\t\t\t<p><span style=\"color: #4b4f54;\">Posteriormente,\u00a0<strong>Joaqu\u00edn Cabrera<\/strong>\u00a0(HSE Manager) y\u00a0<strong>Ra\u00fal Garc\u00eda<\/strong>\u00a0(Supervisor de Producci\u00f3n), nos estuvieron explicando las Best Practices en Seguridad y Salud que aplican cada d\u00eda en John Deere.<\/span><\/p><p><span style=\"color: #4b4f54;\">Ra\u00fal y Joaqu\u00edn nos comentaron que en su compa\u00f1\u00eda, el centro de la seguridad son las personas, nos hablaron sobre sus metodolog\u00edas en materia de seguridad y salud, entre las que se encuentra la introducci\u00f3n de un coaching en dicha materia.<\/span><\/p><p><span style=\"color: #4b4f54;\">Tambi\u00e9n nos hablaron de su software, Safety Leader Passport, que contiene 5 niveles, desde el inferior que es el aprendizaje (nivel 1), hasta el superior que es el nivel de leader (nivel 5).<\/span><\/p>\t\t\t\t\t\t\t\t<\/div>\n\t\t\t\t<\/div>\n\t\t\t\t\t<\/div>\n\t\t\t\t<\/div>\n\t\t<div class=\"elementor-element elementor-element-029a687 e-flex e-con-boxed e-con e-parent\" data-id=\"029a687\" data-element_type=\"container\" data-e-type=\"container\" data-settings=\"{&quot;jet_parallax_layout_list&quot;:[]}\">\n\t\t\t\t\t<div class=\"e-con-inner\">\n\t\t\t\t<div class=\"elementor-element elementor-element-191a34a elementor-widget elementor-widget-image\" data-id=\"191a34a\" data-element_type=\"widget\" data-e-type=\"widget\" data-widget_type=\"image.default\">\n\t\t\t\t<div class=\"elementor-widget-container\">\n\t\t\t\t\t\t\t\t\t\t\t\t<figure class=\"wp-caption\">\n\t\t\t\t\t\t\t\t\t\t<img decoding=\"async\" width=\"800\" height=\"600\" src=\"\/wp-content\/uploads\/2024\/05\/RaulyJoaquin_John_Deere-1024x768.jpg\" class=\"attachment-large size-large wp-image-1317\" alt=\"\" srcset=\"\/wp-content\/uploads\/2024\/05\/RaulyJoaquin_John_Deere-1024x768.jpg 1024w, \/wp-content\/uploads\/2024\/05\/RaulyJoaquin_John_Deere-300x225.jpg 300w, \/wp-content\/uploads\/2024\/05\/RaulyJoaquin_John_Deere-768x576.jpg 768w, \/wp-content\/uploads\/2024\/05\/RaulyJoaquin_John_Deere-1536x1152.jpg 1536w, \/wp-content\/uploads\/2024\/05\/RaulyJoaquin_John_Deere.jpg 2000w\" sizes=\"(max-width: 800px) 100vw, 800px\" title=\"\">\t\t\t\t\t\t\t\t\t\t\t<figcaption class=\"widget-image-caption wp-caption-text\">Joaqu\u00edn Cabrera y Ra\u00fal Garc\u00eda, de John Deere<\/figcaption>\n\t\t\t\t\t\t\t\t\t\t<\/figure>\n\t\t\t\t\t\t\t\t\t<\/div>\n\t\t\t\t<\/div>\n\t\t\t\t\t<\/div>\n\t\t\t\t<\/div>\n\t\t<div class=\"elementor-element elementor-element-7e22f0d e-flex e-con-boxed e-con e-parent\" data-id=\"7e22f0d\" data-element_type=\"container\" data-e-type=\"container\" data-settings=\"{&quot;jet_parallax_layout_list&quot;:[]}\">\n\t\t\t\t\t<div class=\"e-con-inner\">\n\t\t\t\t<div class=\"elementor-element elementor-element-7c7a865 elementor-widget elementor-widget-text-editor\" data-id=\"7c7a865\" data-element_type=\"widget\" data-e-type=\"widget\" data-widget_type=\"text-editor.default\">\n\t\t\t\t<div class=\"elementor-widget-container\">\n\t\t\t\t\t\t\t\t\t<p><span style=\"color: #4b4f54;\">Despu\u00e9s,<strong>\u00a0Juan Manuel Borr\u00e1s<\/strong>, Director de Operaciones de Culmia y\u00a0<strong>Miguel Par\u00eds<\/strong>, Director de PRL de Sacyr debatieron sobre Health &amp; Safety en grandes obras de construcci\u00f3n, y comentaron que el liderazgo visible impacta de manera muy importante en la cultura de seguridad y salud. Para ello, utilizan los Safety Topics. Coincidieron ambos en que los altos directivos deben hablar de seguridad y, como consecuencia de ello, tambi\u00e9n lo har\u00e1n sus equipos.<\/span><\/p><p><span style=\"color: #4b4f54;\">Tambi\u00e9n apreciaron que la Industrializaci\u00f3n y la Digitalizaci\u00f3n son fundamentales ante la actual falta de mano de obra, porque se fabrica en entornos controlados y se reduce la siniestralidad.<\/span><\/p><p><span style=\"color: #4b4f54;\">Adem\u00e1s, pusieron en valor la seguridad en fase de dise\u00f1o, pues anticipa los pasos a realizar en la fase posterior de ejecuci\u00f3n de los proyectos.<\/span><\/p><p><span style=\"color: #4b4f54;\">Posteriormente, Francisco P\u00e9rez, CEO de Culmia, tom\u00f3 la palabra para agradecer a los asistentes su participaci\u00f3n en el evento y disertar sobre el compromiso \u00e9tico en materia de seguridad y salud.<\/span><\/p>\t\t\t\t\t\t\t\t<\/div>\n\t\t\t\t<\/div>\n\t\t\t\t\t<\/div>\n\t\t\t\t<\/div>\n\t\t<div class=\"elementor-element elementor-element-d75e376 e-flex e-con-boxed e-con e-parent\" data-id=\"d75e376\" data-element_type=\"container\" data-e-type=\"container\" data-settings=\"{&quot;jet_parallax_layout_list&quot;:[]}\">\n\t\t\t\t\t<div class=\"e-con-inner\">\n\t\t\t\t<div class=\"elementor-element elementor-element-e114d1d elementor-widget elementor-widget-image\" data-id=\"e114d1d\" data-element_type=\"widget\" data-e-type=\"widget\" data-widget_type=\"image.default\">\n\t\t\t\t<div class=\"elementor-widget-container\">\n\t\t\t\t\t\t\t\t\t\t\t\t<figure class=\"wp-caption\">\n\t\t\t\t\t\t\t\t\t\t<img decoding=\"async\" width=\"800\" height=\"600\" src=\"\/wp-content\/uploads\/2024\/05\/Francisco_Perez_CEO_Culmia-1024x768.jpg\" class=\"attachment-large size-large wp-image-1321\" alt=\"\" srcset=\"\/wp-content\/uploads\/2024\/05\/Francisco_Perez_CEO_Culmia-1024x768.jpg 1024w, \/wp-content\/uploads\/2024\/05\/Francisco_Perez_CEO_Culmia-300x225.jpg 300w, \/wp-content\/uploads\/2024\/05\/Francisco_Perez_CEO_Culmia-768x576.jpg 768w, \/wp-content\/uploads\/2024\/05\/Francisco_Perez_CEO_Culmia-1536x1152.jpg 1536w, \/wp-content\/uploads\/2024\/05\/Francisco_Perez_CEO_Culmia.jpg 2000w\" sizes=\"(max-width: 800px) 100vw, 800px\" title=\"\">\t\t\t\t\t\t\t\t\t\t\t<figcaption class=\"widget-image-caption wp-caption-text\">Francisco P\u00e9rez, CEO de Culmia<\/figcaption>\n\t\t\t\t\t\t\t\t\t\t<\/figure>\n\t\t\t\t\t\t\t\t\t<\/div>\n\t\t\t\t<\/div>\n\t\t\t\t\t<\/div>\n\t\t\t\t<\/div>\n\t\t<div class=\"elementor-element elementor-element-59fd955 e-flex e-con-boxed e-con e-parent\" data-id=\"59fd955\" data-element_type=\"container\" data-e-type=\"container\" data-settings=\"{&quot;jet_parallax_layout_list&quot;:[]}\">\n\t\t\t\t\t<div class=\"e-con-inner\">\n\t\t\t\t<div class=\"elementor-element elementor-element-f711d7a elementor-widget elementor-widget-text-editor\" data-id=\"f711d7a\" data-element_type=\"widget\" data-e-type=\"widget\" data-widget_type=\"text-editor.default\">\n\t\t\t\t<div class=\"elementor-widget-container\">\n\t\t\t\t\t\t\t\t\t<section class=\"elementor-section elementor-top-section elementor-element elementor-element-3a35e1d elementor-section-boxed elementor-section-height-default elementor-section-height-default\" data-id=\"3a35e1d\" data-element_type=\"section\"><div class=\"elementor-container elementor-column-gap-default\"><div class=\"elementor-column elementor-col-100 elementor-top-column elementor-element elementor-element-f0eeed5\" data-id=\"f0eeed5\" data-element_type=\"column\"><div class=\"elementor-widget-wrap elementor-element-populated\"><div class=\"elementor-element elementor-element-4e93173 elementor-widget__width-initial elementor-widget elementor-widget-text-editor\" data-id=\"4e93173\" data-element_type=\"widget\" data-widget_type=\"text-editor.default\"><div class=\"elementor-widget-container\"><p><span style=\"color: #4b4f54;\">Finalmente, el Mind Manager y conferenciante Javier Luxor, nos habl\u00f3 de los automatismos que utilizamos d\u00eda a d\u00eda para nuestras acciones, aunque no seamos conscientes de ello.<\/span><\/p><p><span style=\"color: #4b4f54;\">En la categor\u00eda Coordinador de Seguridad y Salud, result\u00f3 segunda finalista nuestra compa\u00f1era\u00a0<\/span><strong style=\"color: #4b4f54;\">Nuria Plaza Bacho<\/strong><span style=\"color: #4b4f54;\">, por su excelente trabajo en las promociones del Plan Vive de Culmia en Madrid.<\/span><\/p><\/div><\/div><\/div><\/div><\/div><\/section>\t\t\t\t\t\t\t\t<\/div>\n\t\t\t\t<\/div>\n\t\t\t\t\t<\/div>\n\t\t\t\t<\/div>\n\t\t<div class=\"elementor-element elementor-element-556618a e-flex e-con-boxed e-con e-parent\" data-id=\"556618a\" data-element_type=\"container\" data-e-type=\"container\" data-settings=\"{&quot;jet_parallax_layout_list&quot;:[]}\">\n\t\t\t\t\t<div class=\"e-con-inner\">\n\t\t\t\t<div class=\"elementor-element elementor-element-3361f4b elementor-widget elementor-widget-image\" data-id=\"3361f4b\" data-element_type=\"widget\" data-e-type=\"widget\" data-widget_type=\"image.default\">\n\t\t\t\t<div class=\"elementor-widget-container\">\n\t\t\t\t\t\t\t\t\t\t\t\t<figure class=\"wp-caption\">\n\t\t\t\t\t\t\t\t\t\t<img loading=\"lazy\" decoding=\"async\" width=\"800\" height=\"450\" src=\"\/wp-content\/uploads\/2024\/05\/Nuria_premio-1024x576.jpg\" class=\"attachment-large size-large wp-image-1318\" alt=\"\" srcset=\"\/wp-content\/uploads\/2024\/05\/Nuria_premio-1024x576.jpg 1024w, \/wp-content\/uploads\/2024\/05\/Nuria_premio-300x169.jpg 300w, \/wp-content\/uploads\/2024\/05\/Nuria_premio-768x432.jpg 768w, \/wp-content\/uploads\/2024\/05\/Nuria_premio.jpg 1280w\" sizes=\"(max-width: 800px) 100vw, 800px\" title=\"\">\t\t\t\t\t\t\t\t\t\t\t<figcaption class=\"widget-image-caption wp-caption-text\">Nuria Plaza, CSS de Q-safety<\/figcaption>\n\t\t\t\t\t\t\t\t\t\t<\/figure>\n\t\t\t\t\t\t\t\t\t<\/div>\n\t\t\t\t<\/div>\n\t\t\t\t\t<\/div>\n\t\t\t\t<\/div>\n\t\t<div class=\"elementor-element elementor-element-9e3bcd5 e-flex e-con-boxed e-con e-parent\" data-id=\"9e3bcd5\" data-element_type=\"container\" data-e-type=\"container\" data-settings=\"{&quot;jet_parallax_layout_list&quot;:[]}\">\n\t\t\t\t\t<div class=\"e-con-inner\">\n\t\t\t\t<div class=\"elementor-element elementor-element-9c70257 elementor-widget elementor-widget-text-editor\" data-id=\"9c70257\" data-element_type=\"widget\" data-e-type=\"widget\" data-widget_type=\"text-editor.default\">\n\t\t\t\t<div class=\"elementor-widget-container\">\n\t\t\t\t\t\t\t\t\t<p><span style=\"color: #4b4f54;\">Entre los premios entregados,<strong>\u00a0Q-safety by Quir\u00f3nprevenci\u00f3n<\/strong>\u00a0recibi\u00f3 una menci\u00f3n especial como Empresa de Coordinaci\u00f3n de Seguridad y Salud en reconocimiento a su labor por fomentar la implantaci\u00f3n de buenas pr\u00e1cticas en materia de Seguridad y Salud en Oficina T\u00e9cnica en las obras ejecutadas en las promociones de Culmia.<\/span><\/p><p><span style=\"color: #4b4f54;\">Recogieron el premio Ana L\u00f3pez, Directora General y Ana Carrasco, Directora de Coordinaci\u00f3n de Seguridad y Salud de Q-safety.<\/span><\/p>\t\t\t\t\t\t\t\t<\/div>\n\t\t\t\t<\/div>\n\t\t\t\t\t<\/div>\n\t\t\t\t<\/div>\n\t\t<div class=\"elementor-element elementor-element-270e8bd e-flex e-con-boxed e-con e-parent\" data-id=\"270e8bd\" data-element_type=\"container\" data-e-type=\"container\" data-settings=\"{&quot;jet_parallax_layout_list&quot;:[]}\">\n\t\t\t\t\t<div class=\"e-con-inner\">\n\t\t\t\t<div class=\"elementor-element elementor-element-56e31ed elementor-widget elementor-widget-image\" data-id=\"56e31ed\" data-element_type=\"widget\" data-e-type=\"widget\" data-widget_type=\"image.default\">\n\t\t\t\t<div class=\"elementor-widget-container\">\n\t\t\t\t\t\t\t\t\t\t\t\t<figure class=\"wp-caption\">\n\t\t\t\t\t\t\t\t\t\t<img loading=\"lazy\" decoding=\"async\" width=\"800\" height=\"623\" src=\"\/wp-content\/uploads\/2024\/05\/Foto_grupo_premio_Q-safety-1024x798.jpg\" class=\"attachment-large size-large wp-image-1319\" alt=\"\" srcset=\"\/wp-content\/uploads\/2024\/05\/Foto_grupo_premio_Q-safety-1024x798.jpg 1024w, \/wp-content\/uploads\/2024\/05\/Foto_grupo_premio_Q-safety-300x234.jpg 300w, \/wp-content\/uploads\/2024\/05\/Foto_grupo_premio_Q-safety-768x599.jpg 768w, \/wp-content\/uploads\/2024\/05\/Foto_grupo_premio_Q-safety.jpg 1201w\" sizes=\"(max-width: 800px) 100vw, 800px\" title=\"\">\t\t\t\t\t\t\t\t\t\t\t<figcaption class=\"widget-image-caption wp-caption-text\">De izquiera a derecha, Juan Manuel Borr\u00e1s, Ana Carrasco, Ana L\u00f3pez y Francisco P\u00e9rez<\/figcaption>\n\t\t\t\t\t\t\t\t\t\t<\/figure>\n\t\t\t\t\t\t\t\t\t<\/div>\n\t\t\t\t<\/div>\n\t\t\t\t\t<\/div>\n\t\t\t\t<\/div>\n\t\t<div class=\"elementor-element elementor-element-44bbd03 e-flex e-con-boxed e-con e-parent\" data-id=\"44bbd03\" data-element_type=\"container\" data-e-type=\"container\" data-settings=\"{&quot;jet_parallax_layout_list&quot;:[]}\">\n\t\t\t\t\t<div class=\"e-con-inner\">\n\t\t\t\t<div class=\"elementor-element elementor-element-1341e45 elementor-widget elementor-widget-image\" data-id=\"1341e45\" data-element_type=\"widget\" data-e-type=\"widget\" data-widget_type=\"image.default\">\n\t\t\t\t<div class=\"elementor-widget-container\">\n\t\t\t\t\t\t\t\t\t\t\t\t<figure class=\"wp-caption\">\n\t\t\t\t\t\t\t\t\t\t<img loading=\"lazy\" decoding=\"async\" width=\"800\" height=\"728\" src=\"\/wp-content\/uploads\/2024\/05\/Equipo_Q-safety1-1-1024x932.jpg\" class=\"attachment-large size-large wp-image-1316\" alt=\"\" srcset=\"\/wp-content\/uploads\/2024\/05\/Equipo_Q-safety1-1-1024x932.jpg 1024w, \/wp-content\/uploads\/2024\/05\/Equipo_Q-safety1-1-300x273.jpg 300w, \/wp-content\/uploads\/2024\/05\/Equipo_Q-safety1-1-768x699.jpg 768w, \/wp-content\/uploads\/2024\/05\/Equipo_Q-safety1-1-1536x1398.jpg 1536w, \/wp-content\/uploads\/2024\/05\/Equipo_Q-safety1-1.jpg 1648w\" sizes=\"(max-width: 800px) 100vw, 800px\" title=\"\">\t\t\t\t\t\t\t\t\t\t\t<figcaption class=\"widget-image-caption wp-caption-text\">Equipo de Q-safety<\/figcaption>\n\t\t\t\t\t\t\t\t\t\t<\/figure>\n\t\t\t\t\t\t\t\t\t<\/div>\n\t\t\t\t<\/div>\n\t\t\t\t\t<\/div>\n\t\t\t\t<\/div>\n\t\t\t\t<\/div>","protected":false},"featured_media":1319,"template":"","categorias":[],"class_list":["post-1315","noticias","type-noticias","status-publish","has-post-thumbnail","hentry"],"_links":{"self":[{"href":"https:\/\/qsafety.quironprevencion.com\/en\/wp-json\/wp\/v2\/noticias\/1315","targetHints":{"allow":["GET"]}}],"collection":[{"href":"https:\/\/qsafety.quironprevencion.com\/en\/wp-json\/wp\/v2\/noticias"}],"about":[{"href":"https:\/\/qsafety.quironprevencion.com\/en\/wp-json\/wp\/v2\/types\/noticias"}],"version-history":[{"count":28,"href":"https:\/\/qsafety.quironprevencion.com\/en\/wp-json\/wp\/v2\/noticias\/1315\/revisions"}],"predecessor-version":[{"id":3238,"href":"https:\/\/qsafety.quironprevencion.com\/en\/wp-json\/wp\/v2\/noticias\/1315\/revisions\/3238"}],"wp:featuredmedia":[{"embeddable":true,"href":"https:\/\/qsafety.quironprevencion.com\/en\/wp-json\/wp\/v2\/media\/1319"}],"wp:attachment":[{"href":"https:\/\/qsafety.quironprevencion.com\/en\/wp-json\/wp\/v2\/media?parent=1315"}],"wp:term":[{"taxonomy":"categorias","embeddable":true,"href":"https:\/\/qsafety.quironprevencion.com\/en\/wp-json\/wp\/v2\/categorias?post=1315"}],"curies":[{"name":"wp","href":"https:\/\/api.w.org\/{rel}","templated":true}]}}